{"id":5014,"date":"2021-09-08T13:35:35","date_gmt":"2021-09-08T13:35:35","guid":{"rendered":"https:\/\/bulo.com\/?post_type=news&#038;p=5014"},"modified":"2021-09-13T16:07:52","modified_gmt":"2021-09-13T16:07:52","slug":"evenementen-beurskalender-herfst-21","status":"publish","type":"news","link":"https:\/\/bulo.com\/nl\/news\/evenementen-beurskalender-herfst-21\/","title":{"rendered":"Evenementen- &#038; beurskalender Herfst 21"},"content":{"rendered":"\n<div class=\"wp-block-image\"><figure class=\"aligncenter size-full is-resized\"><img loading=\"lazy\" decoding=\"async\" src=\"https:\/\/bulo.com\/wp-content\/uploads\/2021\/09\/21_Bulo_Online-communicatie-events_beurzen_sept-dec_overview-afbeelding-website_452x509-1.jpg\" alt=\"\" class=\"wp-image-4284\" width=\"603\" height=\"679\"\/><\/figure><\/div>\n\n\n\n<h2 class=\"wp-block-heading\"><strong>DESIGN POST DAYS<\/strong><\/h2>\n\n\n\n<h3 class=\"wp-block-heading\"><strong>K\u00f6ln Duitsland | 30 Sep &#8211; 02 Okt<\/strong> <\/h3>\n\n\n\n<p class=\"has-text-align-left\">3 dagen gevuld met lezingen | interviews | workshops | ronde tafelgesprekken |<br>36 prominente merken | laatste collecties | internationale sprekers | Bulo design<br><br>Grijp uw kans tijdens de &#8220;Design Post Days&#8221; om design te zien en te ontdekken samen met 36 internationale op meer dan 3.500 vierkante meter tentoonstellingsruimte. Een boeiend en gevarieerd programma van evenementen en lezingen ronden het evenement af. Save the date: 30 september tot zaterdag 2 oktober,<\/p>\n\n\n\n<p>Meer info over registratie, programma &amp; COVID-19 regels volgen binnenkort op <a rel=\"noreferrer noopener\" href=\"http:\/\/www.designpost.de\" target=\"_blank\">www.designpost.de<\/a>&nbsp;<\/p>\n\n\n\n<p><br><strong>Praktisch<\/strong><br>30 september tot 2 oktober 2021<br>Adres: Design Post K\u00f6ln &#8211; Deutz-M\u00fclheimer-Str. 22a, 50679 K\u00f6ln<\/p>\n\n\n\n<p>#designpostdays&nbsp;<br><a href=\"http:\/\/www.designpost.de\" target=\"_blank\" rel=\"noreferrer noopener\">www.designpost.de<\/a>&nbsp;<\/p>\n\n\n\n<p><\/p>\n\n\n\n<h2 class=\"wp-block-heading\"><strong>Policroma Popup 2021&nbsp;<\/strong><\/h2>\n\n\n\n<h3 class=\"wp-block-heading\">Chicago, US | Okt&nbsp; &#8211; Dec 2021 <\/h3>\n\n\n\n<p>Bulo in Chicago! Ontdek onze nieuwste toevoegingen aan ons contract-, horeca- en woondesignmeubilair op de Policroma Popup 2021, in Chicago. Een Popup Workspace-showroom in samenwerking met verschillende merken en Policroma (meubel-, kunst- en accessoiremerken voor creatief interieurontwerp).<br><br>Binnenkort meer info op <a href=\"https:\/\/www.poli-croma.com\/events\" data-type=\"URL\" target=\"_blank\" rel=\"noreferrer noopener\">https:\/\/www.poli-croma.com\/\u00a0<\/a><\/p>\n\n\n\n<p><strong><br><strong>Praktisch<\/strong> <\/strong><\/p>\n\n\n\n<p>oktober &#8211;&nbsp; december 2021<br>Adres: 1052 W Fulton Market, 3E, Chicago, IL 60607<br><br>Openingsuren:<br>4 &#8211; 8 oktober van 9:00 tot 17:00<br>Na 8 oktober enkel te bezoeken op afspraak.<\/p>\n\n\n\n<p>Contact <a href=\"mailto:info@poli-croma.com\" target=\"_blank\" rel=\"noreferrer noopener\">info@poli-croma.com<\/a><br>#policromapopup #popupofficesuite #workspacedesign #popupshowroom #contractdesign #interiordesign #bulodesign<\/p>\n\n\n\n<h2 class=\"wp-block-heading\">PLEASE, HAVE A SEAT  <\/h2>\n\n\n\n<h3 class=\"wp-block-heading\">Kortrijk, Belgium I 15 Okt &#8211; 14 Nov<\/h3>\n\n\n\n<p>Een nieuw concept, van de organisatoren van Biennale Interieur, gevuld met meer dan 200 designstoelen en zitobjecten van historische ontwerpen tot modernere objecten. Ontdek de zitmeubelcollecties van Bulo tussen vele andere stoelen om op te zitten, te hangen en of om in te relaxen. Vind er ontwerpen in samenwerking met onze favoriete ontwerpers\/architecten: L\u00e9on Stynen, Vincent Van Duysen, Alain Berteau en vele anderen op de tentoonstelling. Ideaal om inspiratie op te doen voor kantoor- (contract) en wooninterieurs.<\/p>\n\n\n\n<p>De tentoonstelling Please Have a Seat maakt deel uit van het creativiteitsfestival Wonder van de stad Kortrijk. Het toegangsbewijs geeft toegang tot alle presentaties op de site.<\/p>\n\n\n\n<p><strong>Meer info <\/strong><a rel=\"noreferrer noopener\" href=\"https:\/\/interieur.be\/please-have-a-seat\/\" target=\"_blank\">https:\/\/interieur.be\/please-have-a-seat\/<\/a>&nbsp; <strong><br><br>Praktisch<\/strong><\/p>\n\n\n\n<p>15 oktober tot 14 november 2021<br>Van donderdag tot Zondag van 11:00 tot 18:00<br>Adres: Van Marcke site, Weggevoerdenlaan 5, 8500 Kortrijk<\/p>\n\n\n\n<p>#pleasehaveseat<\/p>\n\n\n\n<h2 class=\"wp-block-heading\">PROWOOD&nbsp;<\/h2>\n\n\n\n<h3 class=\"wp-block-heading\">Flanders Expo Gent, Belgi\u00eb | 17 Okt &#8211; 21 Okt 2021<\/h3>\n\n\n\n<p>Bosq, partner &amp; fabrikant voor Bulo met expertise in hout en fineren, nodigt alle professionals uit om van 17 tot 21 oktober in Flanders Expo in Gent op de vakbeurs Prowood. De eerste houtbeurs in Europa sinds covid-19. Een must om te bezoeken met 168 exposanten en een perfect moment om te spreken met gepassioneerde experts over de nieuwste product kenmerken en technieken van Bosq, zoals de bestaande rooktechniek die wordt toegepast op nieuwe houtsoorten.<\/p>\n\n\n\n<p><br>Gratis toegangscode beschikbaar op <a href=\"http:\/\/bosq.be\" data-type=\"URL\" data-id=\"bosq.be\">bosq.be<\/a>*<br><br><strong>Praktisch<\/strong><\/p>\n\n\n\n<p>17 &#8211; 21 Oktober, 2021<br>* Gratis toegangscode binnenkort beschikbaar op <a href=\"https:\/\/bulo.com\/nl\/news\/bosq-a-wood-tasting-in-our-new-showroom\/\" data-type=\"news\" data-id=\"4799\">bosq.be<\/a><br>Adres: Maaltekouter 1, 9051 Gent<br><\/p>\n\n\n\n<p>Openingsuren:&nbsp;<\/p>\n\n\n\n<p>Zondag        10:00 &#8211; 18:00<br>Maandag      12:00 &#8211; 20:00<br>Dinsdag        12:00 &#8211; 20:00<br>Woensdag    12:00 &#8211; 20:00<br>Donderdag   10:00 &#8211; 18:00<\/p>\n\n\n\n<p><br>#bosq #bulodesign #prowood2021<br><a rel=\"noreferrer noopener\" href=\"http:\/\/bosq.be\" data-type=\"URL\" data-id=\"bosq.be\" target=\"_blank\">bosq.be<\/a><br><a rel=\"noreferrer noopener\" href=\"http:\/\/prowood-fair.be\" target=\"_blank\" data-type=\"URL\" data-id=\"prowood-fair.be\">www.prowood-fair.be\/nl<\/a><\/p>\n","protected":false},"author":18,"featured_media":4432,"template":"","tags":[187,188],"class_list":["post-5014","news","type-news","status-publish","has-post-thumbnail","hentry","tag-evenement","tag-beurs"],"acf":[],"yoast_head":"<!-- This site is optimized with the Yoast SEO plugin v27.4 - https:\/\/yoast.com\/product\/yoast-seo-wordpress\/ -->\n<title>Evenementen- &amp; beurskalender Herfst 21 | Bulo<\/title>\n<meta name=\"robots\" content=\"index, follow, max-snippet:-1, max-image-preview:large, max-video-preview:-1\" \/>\n<link rel=\"canonical\" href=\"https:\/\/bulo.com\/nl\/news\/evenementen-beurskalender-herfst-21\/\" \/>\n<meta property=\"og:locale\" content=\"nl_NL\" \/>\n<meta property=\"og:type\" content=\"article\" \/>\n<meta property=\"og:title\" content=\"Evenementen- &amp; beurskalender Herfst 21 | Bulo\" \/>\n<meta property=\"og:description\" content=\"DESIGN POST DAYS K\u00f6ln Duitsland | 30 Sep &#8211; 02 Okt 3 dagen gevuld met lezingen | interviews | workshops | ronde tafelgesprekken |36 prominente merken | laatste collecties | internationale sprekers | Bulo design Grijp uw kans tijdens de &#8220;Design Post Days&#8221; om design te zien en te ontdekken samen met 36 internationale op [&hellip;]\" \/>\n<meta property=\"og:url\" content=\"https:\/\/bulo.com\/nl\/news\/evenementen-beurskalender-herfst-21\/\" \/>\n<meta property=\"og:site_name\" content=\"Contemporary Furniture | Bulo\" \/>\n<meta property=\"article:modified_time\" content=\"2021-09-13T16:07:52+00:00\" \/>\n<meta property=\"og:image\" content=\"https:\/\/bulo.com\/wp-content\/uploads\/2021\/09\/21_Bulo_office_Designpost-Koeln_Koeln_\u00a9-Silke-Steinraths-Photography00010-e1630926123244.jpg\" \/>\n\t<meta property=\"og:image:width\" content=\"960\" \/>\n\t<meta property=\"og:image:height\" content=\"1069\" \/>\n\t<meta property=\"og:image:type\" content=\"image\/jpeg\" \/>\n<meta name=\"twitter:card\" content=\"summary_large_image\" \/>\n<meta name=\"twitter:label1\" content=\"Geschatte leestijd\" \/>\n\t<meta name=\"twitter:data1\" content=\"2 minuten\" \/>\n<script type=\"application\/ld+json\" class=\"yoast-schema-graph\">{\"@context\":\"https:\\\/\\\/schema.org\",\"@graph\":[{\"@type\":\"WebPage\",\"@id\":\"https:\\\/\\\/bulo.com\\\/nl\\\/news\\\/evenementen-beurskalender-herfst-21\\\/\",\"url\":\"https:\\\/\\\/bulo.com\\\/nl\\\/news\\\/evenementen-beurskalender-herfst-21\\\/\",\"name\":\"Evenementen- & beurskalender Herfst 21 | Bulo\",\"isPartOf\":{\"@id\":\"https:\\\/\\\/bulo.com\\\/#website\"},\"primaryImageOfPage\":{\"@id\":\"https:\\\/\\\/bulo.com\\\/nl\\\/news\\\/evenementen-beurskalender-herfst-21\\\/#primaryimage\"},\"image\":{\"@id\":\"https:\\\/\\\/bulo.com\\\/nl\\\/news\\\/evenementen-beurskalender-herfst-21\\\/#primaryimage\"},\"thumbnailUrl\":\"https:\\\/\\\/bulo.com\\\/wp-content\\\/uploads\\\/2021\\\/09\\\/21_Bulo_office_Designpost-Koeln_Koeln_\u00a9-Silke-Steinraths-Photography00010-e1630926123244.jpg\",\"datePublished\":\"2021-09-08T13:35:35+00:00\",\"dateModified\":\"2021-09-13T16:07:52+00:00\",\"breadcrumb\":{\"@id\":\"https:\\\/\\\/bulo.com\\\/nl\\\/news\\\/evenementen-beurskalender-herfst-21\\\/#breadcrumb\"},\"inLanguage\":\"nl-NL\",\"potentialAction\":[{\"@type\":\"ReadAction\",\"target\":[\"https:\\\/\\\/bulo.com\\\/nl\\\/news\\\/evenementen-beurskalender-herfst-21\\\/\"]}]},{\"@type\":\"ImageObject\",\"inLanguage\":\"nl-NL\",\"@id\":\"https:\\\/\\\/bulo.com\\\/nl\\\/news\\\/evenementen-beurskalender-herfst-21\\\/#primaryimage\",\"url\":\"https:\\\/\\\/bulo.com\\\/wp-content\\\/uploads\\\/2021\\\/09\\\/21_Bulo_office_Designpost-Koeln_Koeln_\u00a9-Silke-Steinraths-Photography00010-e1630926123244.jpg\",\"contentUrl\":\"https:\\\/\\\/bulo.com\\\/wp-content\\\/uploads\\\/2021\\\/09\\\/21_Bulo_office_Designpost-Koeln_Koeln_\u00a9-Silke-Steinraths-Photography00010-e1630926123244.jpg\",\"width\":960,\"height\":1069,\"caption\":\"Bulo_office_Designpost Koeln_Koeln_\u00a9 Silke Steinraths Photography\"},{\"@type\":\"BreadcrumbList\",\"@id\":\"https:\\\/\\\/bulo.com\\\/nl\\\/news\\\/evenementen-beurskalender-herfst-21\\\/#breadcrumb\",\"itemListElement\":[{\"@type\":\"ListItem\",\"position\":1,\"name\":\"Home\",\"item\":\"https:\\\/\\\/bulo.com\\\/nl\\\/\"},{\"@type\":\"ListItem\",\"position\":2,\"name\":\"Evenementen- &#038; beurskalender Herfst 21\"}]},{\"@type\":\"WebSite\",\"@id\":\"https:\\\/\\\/bulo.com\\\/#website\",\"url\":\"https:\\\/\\\/bulo.com\\\/\",\"name\":\"Contemporary Furniture | Bulo\",\"description\":\"iconic design furniture\",\"publisher\":{\"@id\":\"https:\\\/\\\/bulo.com\\\/#organization\"},\"potentialAction\":[{\"@type\":\"SearchAction\",\"target\":{\"@type\":\"EntryPoint\",\"urlTemplate\":\"https:\\\/\\\/bulo.com\\\/?s={search_term_string}\"},\"query-input\":{\"@type\":\"PropertyValueSpecification\",\"valueRequired\":true,\"valueName\":\"search_term_string\"}}],\"inLanguage\":\"nl-NL\"},{\"@type\":\"Organization\",\"@id\":\"https:\\\/\\\/bulo.com\\\/#organization\",\"name\":\"Bulo\",\"url\":\"https:\\\/\\\/bulo.com\\\/\",\"logo\":{\"@type\":\"ImageObject\",\"inLanguage\":\"nl-NL\",\"@id\":\"https:\\\/\\\/bulo.com\\\/#\\\/schema\\\/logo\\\/image\\\/\",\"url\":\"https:\\\/\\\/bulo.com\\\/wp-content\\\/uploads\\\/2022\\\/01\\\/Bulo-og-image.jpg\",\"contentUrl\":\"https:\\\/\\\/bulo.com\\\/wp-content\\\/uploads\\\/2022\\\/01\\\/Bulo-og-image.jpg\",\"width\":1200,\"height\":630,\"caption\":\"Bulo\"},\"image\":{\"@id\":\"https:\\\/\\\/bulo.com\\\/#\\\/schema\\\/logo\\\/image\\\/\"}}]}<\/script>\n<!-- \/ Yoast SEO plugin. -->","yoast_head_json":{"title":"Evenementen- & beurskalender Herfst 21 | Bulo","robots":{"index":"index","follow":"follow","max-snippet":"max-snippet:-1","max-image-preview":"max-image-preview:large","max-video-preview":"max-video-preview:-1"},"canonical":"https:\/\/bulo.com\/nl\/news\/evenementen-beurskalender-herfst-21\/","og_locale":"nl_NL","og_type":"article","og_title":"Evenementen- & beurskalender Herfst 21 | Bulo","og_description":"DESIGN POST DAYS K\u00f6ln Duitsland | 30 Sep &#8211; 02 Okt 3 dagen gevuld met lezingen | interviews | workshops | ronde tafelgesprekken |36 prominente merken | laatste collecties | internationale sprekers | Bulo design Grijp uw kans tijdens de &#8220;Design Post Days&#8221; om design te zien en te ontdekken samen met 36 internationale op [&hellip;]","og_url":"https:\/\/bulo.com\/nl\/news\/evenementen-beurskalender-herfst-21\/","og_site_name":"Contemporary Furniture | Bulo","article_modified_time":"2021-09-13T16:07:52+00:00","og_image":[{"width":960,"height":1069,"url":"https:\/\/bulo.com\/wp-content\/uploads\/2021\/09\/21_Bulo_office_Designpost-Koeln_Koeln_\u00a9-Silke-Steinraths-Photography00010-e1630926123244.jpg","type":"image\/jpeg"}],"twitter_card":"summary_large_image","twitter_misc":{"Geschatte leestijd":"2 minuten"},"schema":{"@context":"https:\/\/schema.org","@graph":[{"@type":"WebPage","@id":"https:\/\/bulo.com\/nl\/news\/evenementen-beurskalender-herfst-21\/","url":"https:\/\/bulo.com\/nl\/news\/evenementen-beurskalender-herfst-21\/","name":"Evenementen- & beurskalender Herfst 21 | Bulo","isPartOf":{"@id":"https:\/\/bulo.com\/#website"},"primaryImageOfPage":{"@id":"https:\/\/bulo.com\/nl\/news\/evenementen-beurskalender-herfst-21\/#primaryimage"},"image":{"@id":"https:\/\/bulo.com\/nl\/news\/evenementen-beurskalender-herfst-21\/#primaryimage"},"thumbnailUrl":"https:\/\/bulo.com\/wp-content\/uploads\/2021\/09\/21_Bulo_office_Designpost-Koeln_Koeln_\u00a9-Silke-Steinraths-Photography00010-e1630926123244.jpg","datePublished":"2021-09-08T13:35:35+00:00","dateModified":"2021-09-13T16:07:52+00:00","breadcrumb":{"@id":"https:\/\/bulo.com\/nl\/news\/evenementen-beurskalender-herfst-21\/#breadcrumb"},"inLanguage":"nl-NL","potentialAction":[{"@type":"ReadAction","target":["https:\/\/bulo.com\/nl\/news\/evenementen-beurskalender-herfst-21\/"]}]},{"@type":"ImageObject","inLanguage":"nl-NL","@id":"https:\/\/bulo.com\/nl\/news\/evenementen-beurskalender-herfst-21\/#primaryimage","url":"https:\/\/bulo.com\/wp-content\/uploads\/2021\/09\/21_Bulo_office_Designpost-Koeln_Koeln_\u00a9-Silke-Steinraths-Photography00010-e1630926123244.jpg","contentUrl":"https:\/\/bulo.com\/wp-content\/uploads\/2021\/09\/21_Bulo_office_Designpost-Koeln_Koeln_\u00a9-Silke-Steinraths-Photography00010-e1630926123244.jpg","width":960,"height":1069,"caption":"Bulo_office_Designpost Koeln_Koeln_\u00a9 Silke Steinraths Photography"},{"@type":"BreadcrumbList","@id":"https:\/\/bulo.com\/nl\/news\/evenementen-beurskalender-herfst-21\/#breadcrumb","itemListElement":[{"@type":"ListItem","position":1,"name":"Home","item":"https:\/\/bulo.com\/nl\/"},{"@type":"ListItem","position":2,"name":"Evenementen- &#038; beurskalender Herfst 21"}]},{"@type":"WebSite","@id":"https:\/\/bulo.com\/#website","url":"https:\/\/bulo.com\/","name":"Contemporary Furniture | Bulo","description":"iconic design furniture","publisher":{"@id":"https:\/\/bulo.com\/#organization"},"potentialAction":[{"@type":"SearchAction","target":{"@type":"EntryPoint","urlTemplate":"https:\/\/bulo.com\/?s={search_term_string}"},"query-input":{"@type":"PropertyValueSpecification","valueRequired":true,"valueName":"search_term_string"}}],"inLanguage":"nl-NL"},{"@type":"Organization","@id":"https:\/\/bulo.com\/#organization","name":"Bulo","url":"https:\/\/bulo.com\/","logo":{"@type":"ImageObject","inLanguage":"nl-NL","@id":"https:\/\/bulo.com\/#\/schema\/logo\/image\/","url":"https:\/\/bulo.com\/wp-content\/uploads\/2022\/01\/Bulo-og-image.jpg","contentUrl":"https:\/\/bulo.com\/wp-content\/uploads\/2022\/01\/Bulo-og-image.jpg","width":1200,"height":630,"caption":"Bulo"},"image":{"@id":"https:\/\/bulo.com\/#\/schema\/logo\/image\/"}}]}},"_links":{"self":[{"href":"https:\/\/bulo.com\/nl\/wp-json\/wp\/v2\/news\/5014","targetHints":{"allow":["GET"]}}],"collection":[{"href":"https:\/\/bulo.com\/nl\/wp-json\/wp\/v2\/news"}],"about":[{"href":"https:\/\/bulo.com\/nl\/wp-json\/wp\/v2\/types\/news"}],"author":[{"embeddable":true,"href":"https:\/\/bulo.com\/nl\/wp-json\/wp\/v2\/users\/18"}],"wp:featuredmedia":[{"embeddable":true,"href":"https:\/\/bulo.com\/nl\/wp-json\/wp\/v2\/media\/4432"}],"wp:attachment":[{"href":"https:\/\/bulo.com\/nl\/wp-json\/wp\/v2\/media?parent=5014"}],"wp:term":[{"taxonomy":"post_tag","embeddable":true,"href":"https:\/\/bulo.com\/nl\/wp-json\/wp\/v2\/tags?post=5014"}],"curies":[{"name":"wp","href":"https:\/\/api.w.org\/{rel}","templated":true}]}}